{"id":61,"date":"2026-01-07T19:34:43","date_gmt":"2026-01-07T19:34:43","guid":{"rendered":"https:\/\/afejuco.org\/office\/?p=61"},"modified":"2026-01-07T19:35:53","modified_gmt":"2026-01-07T19:35:53","slug":"bologne-lavocate-congolaise-nene-bintu-iragi-honoree-du-prix-international-daniele-po-2025","status":"publish","type":"post","link":"https:\/\/afejuco.org\/office\/bologne-lavocate-congolaise-nene-bintu-iragi-honoree-du-prix-international-daniele-po-2025\/","title":{"rendered":"BOLOGNE: L&rsquo;avocate congolaise N\u00e9n\u00e9 Bintu Iragi honor\u00e9e du Prix international Daniele Po 2025"},"content":{"rendered":"\n<p>l&rsquo;avocate congolaise Marie Rose N\u00e9n\u00e9 Bintu Iragi honor\u00e9e du Prix international des Droits Humains Daniele Po 2025<\/p>\n\n\n\n<p>L\u2019avocate congolaise Marie Rose N\u00e9n\u00e9 Bintu Iragi Mudekereza, pr\u00e9sidente de la Coordination de la Soci\u00e9t\u00e9 Civile du Sud-Kivu et membre de l&rsquo;Association des Femmes Juristes Congolaises (AFEJUCO), a \u00e9t\u00e9 d\u00e9sign\u00e9e laur\u00e9ate du 17e Prix international des Droits Humains Daniele Po. Ce prix, soutenu par le Parlement europ\u00e9en, le S\u00e9nat de la R\u00e9publique italienne, la Chambre des d\u00e9put\u00e9s et la R\u00e9gion \u00c9milie-Romagne, lui sera remis lors d\u2019une c\u00e9r\u00e9monie solennelle pr\u00e9vue le 18 octobre 2025 \u00e0 Bologne.<\/p>\n\n\n\n<p>Le comit\u00e9 scientifique du Prix a salu\u00e9 \u00ab l&rsquo;engagement exceptionnel \u00bb de Me Bintu Iragi dans la d\u00e9fense des droits fondamentaux, la promotion de la paix et la protection de la d\u00e9mocratie en R\u00e9publique d\u00e9mocratique du Congo (RDC).<\/p>\n\n\n\n<p>Avocate de formation, militante des droits humains et premi\u00e8re femme \u00e0 avoir dirig\u00e9, de 2010 \u00e0 2011, le Syndic du Sud-Kivu, qui est l&rsquo;organisme des d\u00e9fenseurs judiciaires, elle est devenue une figure embl\u00e9matique de la r\u00e9sistance civile et de la lutte contre les abus de pouvoir dans son pays.<\/p>\n\n\n\n<p>Depuis son \u00e9lection en avril 2024 \u00e0 la t\u00eate de la Coordination de la Soci\u00e9t\u00e9 Civile du Sud-Kivu, qui regroupe plus de 2 000 ONG et associations, Me N\u00e9n\u00e9 Bintu d\u00e9nonce sans rel\u00e2che les violations de la Constitution congolaise, qu\u2019elle d\u00e9crit comme \u00ab l\u2019une des plus belles du monde \u00bb.<\/p>\n\n\n\n<p>Ses prises de position mettent en lumi\u00e8re l&rsquo;impact dramatique de ces violations sur la sant\u00e9, l&rsquo;environnement, la gouvernance et la coh\u00e9sion nationale.<\/p>\n\n\n\n<p>Menac\u00e9e de mort pour ses prises de parole, la laur\u00e9ate vit aujourd\u0092hui en exil au Burundi, tandis que sa famille est rest\u00e9e \u00e0 Bukavu, dans l\u0092est de la RDC.<\/p>\n\n\n\n<p>Elle avait quitt\u00e9 le pays pour participer \u00e0 une conf\u00e9rence internationale sur la paix au Congo lorsque la milice M23, soutenue par le Rwanda, a pris le contr\u00f4le de Goma puis de Bukavu en d\u00e9but d\u0092ann\u00e9e 2025.<\/p>\n\n\n\n<p>Selon le Haut-Commissariat des Nations unies pour les r\u00e9fugi\u00e9s (HCR), ces affrontements ont provoqu\u00e9 la destruction de 70.000 abris d\u0092urgence et le d\u00e9placement de 250.000 personnes dans le Nord et le Sud-Kivu.<\/p>\n\n\n\n<p>Malgr\u00e9 la signature d\u0092un cessez-le-feu \u00e0 Washington le 27 juin 2025 entre la RDC et le Rwanda, de graves violations des droits humains \u0097 viols, pillages, enr\u00f4lement forc\u00e9 d\u0092enfants dans les mines \u0097 continuent d\u0092\u00eatre signal\u00e9es par plusieurs organisations, dont Amnesty International.<\/p>\n\n\n\n<p>Sp\u00e9cialiste du droit \u00e9lectoral et de l\u0092\u00e9galit\u00e9 de genre, Me Bintu Iragi coordonne \u00e9galement le Collectif Simama Congo, engag\u00e9 pour la d\u00e9fense des droits des femmes et la promotion des r\u00e9solutions 1325 et 2250 de l\u0092ONU, relatives aux femmes, \u00e0 la jeunesse, \u00e0 la paix et \u00e0 la s\u00e9curit\u00e9.<\/p>\n\n\n\n<p>Elle milite pour l\u0092autonomie \u00e9conomique des femmes rurales et pour un dialogue social constructif entre autorit\u00e9s et citoyens, convaincue que la paix durable passe par la r\u00e9unification du Congo et la justice sociale.<\/p>\n\n\n\n<p>Le comit\u00e9 du Prix Daniele Po justifie son choix par la volont\u00e9 de garder l\u0092attention internationale \u00e9veill\u00e9e sur les \u0093guerres invisibles\u0094, comme celle qui ravage actuellement l\u0092est de la RDC.<\/p>\n\n\n\n<p>Alors que les projecteurs m\u00e9diatiques se concentrent sur le Moyen-Orient et la guerre en Ukraine, des millions de civils africains continuent de subir les cons\u00e9quences de conflits li\u00e9s au contr\u00f4le des ressources naturelles et des terres rares, qualifi\u00e9es de \u00ab nouvelle monnaie des \u00e9conomies de guerre \u00bb.<\/p>\n\n\n\n<p>La remise du Prix, coorganis\u00e9e par la Ville M\u00e9tropolitaine de Bologne, la Commune de Bologne, la Commune de Pieve di Cento, l\u0092Universit\u00e9 de Bologne (Alma Mater Studiorum) et l\u0092Association STRADE APS, sera suivie d\u0092une semaine de rencontres entre la laur\u00e9ate, des \u00e9tudiants, des institutions locales et la soci\u00e9t\u00e9 civile italienne.<\/p>\n\n\n\n<p><br>L\u0092Association Insieme per la Pace in Congo, fond\u00e9e en 2023, participera \u00e0 ces \u00e9changes en apportant t\u00e9moignages, documentation et plaidoyer pour renforcer les liens de solidarit\u00e9 entre l\u0092Italie et la RDC.<\/p>\n\n\n\n<p>Pour le pr\u00e9sident de l\u0092Association STRADE, Alessandro Mazzini, le parcours de la laur\u00e9ate \u00ab incarne la r\u00e9sistance pacifique, le courage f\u00e9minin et la foi en la justice dans un contexte o\u00f9 la paix est chaque jour menac\u00e9e \u00bb.<\/p>\n\n\n\n<p>Son histoire, conclut-il, \u00ab est un phare pour l\u0092Afrique et pour le monde, rappelant que la paix commence par la d\u00e9fense des droits humains \u00bb.<\/p>\n","protected":false},"excerpt":{"rendered":"<p>l&rsquo;avocate congolaise Marie Rose N&eacute;n&eacute; Bintu Iragi honor&eacute;e du Prix international des Droits Humains Daniele Po 2025 L&rsquo;avocate congolaise Marie [&hellip;]<\/p>\n","protected":false},"author":1,"featured_media":63,"comment_status":"open","ping_status":"open","sticky":false,"template":"","format":"standard","meta":{"site-sidebar-layout":"default","site-content-layout":"","ast-site-content-layout":"default","site-content-style":"default","site-sidebar-style":"default","ast-global-header-display":"","ast-banner-title-visibility":"","ast-main-header-display":"","ast-hfb-above-header-display":"","ast-hfb-below-header-display":"","ast-hfb-mobile-header-display":"","site-post-title":"","ast-breadcrumbs-content":"","ast-featured-img":"","footer-sml-layout":"","ast-disable-related-posts":"","theme-transparent-header-meta":"","adv-header-id-meta":"","stick-header-meta":"","header-above-stick-meta":"","header-main-stick-meta":"","header-below-stick-meta":"","astra-migrate-meta-layouts":"default","ast-page-background-enabled":"default","ast-page-background-meta":{"desktop":{"background-color":"var(--ast-global-color-5)","background-image":"","background-repeat":"repeat","background-position":"center center","background-size":"auto","background-attachment":"scroll","background-type":"","background-media":"","overlay-type":"","overlay-color":"","overlay-opacity":"","overlay-gradient":""},"tablet":{"background-color":"","background-image":"","background-repeat":"repeat","background-position":"center center","background-size":"auto","background-attachment":"scroll","background-type":"","background-media":"","overlay-type":"","overlay-color":"","overlay-opacity":"","overlay-gradient":""},"mobile":{"background-color":"","background-image":"","background-repeat":"repeat","background-position":"center center","background-size":"auto","background-attachment":"scroll","background-type":"","background-media":"","overlay-type":"","overlay-color":"","overlay-opacity":"","overlay-gradient":""}},"ast-content-background-meta":{"desktop":{"background-color":"var(--ast-global-color-4)","background-image":"","background-repeat":"repeat","background-position":"center center","background-size":"auto","background-attachment":"scroll","background-type":"","background-media":"","overlay-type":"","overlay-color":"","overlay-opacity":"","overlay-gradient":""},"tablet":{"background-color":"var(--ast-global-color-4)","background-image":"","background-repeat":"repeat","background-position":"center center","background-size":"auto","background-attachment":"scroll","background-type":"","background-media":"","overlay-type":"","overlay-color":"","overlay-opacity":"","overlay-gradient":""},"mobile":{"background-color":"var(--ast-global-color-4)","background-image":"","background-repeat":"repeat","background-position":"center center","background-size":"auto","background-attachment":"scroll","background-type":"","background-media":"","overlay-type":"","overlay-color":"","overlay-opacity":"","overlay-gradient":""}},"footnotes":""},"categories":[4],"tags":[],"class_list":["post-61","post","type-post","status-publish","format-standard","has-post-thumbnail","hentry","category-evenements"],"_links":{"self":[{"href":"https:\/\/afejuco.org\/office\/wp-json\/wp\/v2\/posts\/61","targetHints":{"allow":["GET"]}}],"collection":[{"href":"https:\/\/afejuco.org\/office\/wp-json\/wp\/v2\/posts"}],"about":[{"href":"https:\/\/afejuco.org\/office\/wp-json\/wp\/v2\/types\/post"}],"author":[{"embeddable":true,"href":"https:\/\/afejuco.org\/office\/wp-json\/wp\/v2\/users\/1"}],"replies":[{"embeddable":true,"href":"https:\/\/afejuco.org\/office\/wp-json\/wp\/v2\/comments?post=61"}],"version-history":[{"count":1,"href":"https:\/\/afejuco.org\/office\/wp-json\/wp\/v2\/posts\/61\/revisions"}],"predecessor-version":[{"id":62,"href":"https:\/\/afejuco.org\/office\/wp-json\/wp\/v2\/posts\/61\/revisions\/62"}],"wp:featuredmedia":[{"embeddable":true,"href":"https:\/\/afejuco.org\/office\/wp-json\/wp\/v2\/media\/63"}],"wp:attachment":[{"href":"https:\/\/afejuco.org\/office\/wp-json\/wp\/v2\/media?parent=61"}],"wp:term":[{"taxonomy":"category","embeddable":true,"href":"https:\/\/afejuco.org\/office\/wp-json\/wp\/v2\/categories?post=61"},{"taxonomy":"post_tag","embeddable":true,"href":"https:\/\/afejuco.org\/office\/wp-json\/wp\/v2\/tags?post=61"}],"curies":[{"name":"wp","href":"https:\/\/api.w.org\/{rel}","templated":true}]}}