{"id":58,"date":"2026-01-07T19:31:24","date_gmt":"2026-01-07T19:31:24","guid":{"rendered":"https:\/\/afejuco.org\/office\/?p=58"},"modified":"2026-01-07T19:31:25","modified_gmt":"2026-01-07T19:31:25","slug":"sud-kivu-afejuco-lance-un-diagnostic-communautaire-sur-les-violences-sexuelles-liees-aux-conflits","status":"publish","type":"post","link":"https:\/\/afejuco.org\/office\/sud-kivu-afejuco-lance-un-diagnostic-communautaire-sur-les-violences-sexuelles-liees-aux-conflits\/","title":{"rendered":"SUD-KIVU: AFEJUCO lance un diagnostic communautaire sur les violences sexuelles li\u00e9es aux conflits"},"content":{"rendered":"\n<p>Afin de mieux comprendre et r\u00e9pondre aux violences sexuelles li\u00e9es aux conflits (VSLC) dans les territoires de Kalehe, Uvira et la plaine de la Ruzizi, l&rsquo;Association des Femmes Juristes du Congo (AFEJUCO) a lanc\u00e9 une s\u00e9rie de r\u00e9unions de diagnostic initial dans chacune de ces zones d&rsquo;intervention. Ces rencontres s&rsquo;inscrivent dans le cadre d&rsquo;un projet soutenu par le Programme des Nations Unies pour le D\u00e9veloppement (PNUD) et visent \u00e0 renforcer la pr\u00e9vention et la r\u00e9ponse communautaire face aux violences bas\u00e9es sur le genre (VBG).<\/p>\n\n\n\n<p>Selon AFEJUCO, ces diagnostics ont pour but de mieux cerner les dynamiques locales, d\u2019identifier les structures communautaires existantes, les zones \u00e0 risque, ainsi que les besoins sp\u00e9cifiques en mati\u00e8re de protection et de pr\u00e9vention des VBG. Les r\u00e9sultats de ces consultations permettront d\u2019\u00e9laborer un plan de renforcement des capacit\u00e9s et de mise \u00e0 jour des m\u00e9canismes communautaires de protection tels que les comit\u00e9s, les relais d\u2019alerte et les cellules de veille.<\/p>\n\n\n\n<p>\u00ab Comprendre les r\u00e9alit\u00e9s locales est une \u00e9tape essentielle pour adapter nos strat\u00e9gies et soutenir efficacement les communaut\u00e9s dans la lutte contre les violences sexuelles li\u00e9es aux conflits \u00bb, a d\u00e9clar\u00e9 un repr\u00e9sentant d\u2019AFEJUCO.<\/p>\n\n\n\n<p>Les objectifs sp\u00e9cifiques de ces r\u00e9unions consistent notamment \u00e0 :<\/p>\n\n\n\n<p>Identifier les acteurs communautaires et les m\u00e9canismes existants d\u2019alerte et de r\u00e9f\u00e9rencement ; D\u00e9terminer les zones \u00e0 risque \u00e9lev\u00e9 et les types de VBG les plus fr\u00e9quents ; Identifier les besoins de renforcement des capacit\u00e9s des structures locales ; \u00c9laborer un plan de renforcement communautaire adapt\u00e9 \u00e0 chaque territoire ; Consolider la coordination locale entre AFEJUCO, les OBC, les autorit\u00e9s et les prestataires de services.<\/p>\n\n\n\n<p>Chaque rencontre, r\u00e9unissant une vingtaine de participants, rassemble les autorit\u00e9s locales et coutumi\u00e8res, les organisations \u00e0 base communautaire (OBC), les comit\u00e9s de protection, les prestataires de services (sant\u00e9, psychosocial, judiciaire), ainsi que les repr\u00e9sentants du PNUD et d\u0092autres partenaires techniques.<\/p>\n\n\n\n<p>La m\u00e9thodologie participative adopt\u00e9e repose sur des pr\u00e9sentations introductives, des travaux de groupe th\u00e9matiques (alerte, pr\u00e9vention, protection, r\u00e9f\u00e9rencement) et des discussions pl\u00e9ni\u00e8res pour valider collectivement les constats et recommandations.<\/p>\n\n\n\n<p>\u00c0 l&rsquo;issue du processus, AFEJUCO pr\u00e9voit de produire un rapport de diagnostic complet comprenant une liste actualis\u00e9e des acteurs communautaires, une cartographie des zones \u00e0 risque et un plan de renforcement des capacit\u00e9s valid\u00e9 avec l&rsquo;appui du PNUD.<\/p>\n\n\n\n<p>Ce travail, souligne AFEJUCO, constitue une \u00e9tape cl\u00e9 pour reconstruire les m\u00e9canismes communautaires de protection, renforcer la r\u00e9silience des femmes et des filles face aux violences et favoriser une r\u00e9ponse coordonn\u00e9e et durable dans les zones touch\u00e9es par les conflits.<\/p>\n","protected":false},"excerpt":{"rendered":"<p>Afin de mieux comprendre et r&eacute;pondre aux violences sexuelles li&eacute;es aux conflits (VSLC) dans les territoires de Kalehe, Uvira et [&hellip;]<\/p>\n","protected":false},"author":1,"featured_media":59,"comment_status":"open","ping_status":"open","sticky":false,"template":"","format":"standard","meta":{"site-sidebar-layout":"default","site-content-layout":"","ast-site-content-layout":"default","site-content-style":"default","site-sidebar-style":"default","ast-global-header-display":"","ast-banner-title-visibility":"","ast-main-header-display":"","ast-hfb-above-header-display":"","ast-hfb-below-header-display":"","ast-hfb-mobile-header-display":"","site-post-title":"","ast-breadcrumbs-content":"","ast-featured-img":"","footer-sml-layout":"","ast-disable-related-posts":"","theme-transparent-header-meta":"","adv-header-id-meta":"","stick-header-meta":"","header-above-stick-meta":"","header-main-stick-meta":"","header-below-stick-meta":"","astra-migrate-meta-layouts":"default","ast-page-background-enabled":"default","ast-page-background-meta":{"desktop":{"background-color":"var(--ast-global-color-5)","background-image":"","background-repeat":"repeat","background-position":"center center","background-size":"auto","background-attachment":"scroll","background-type":"","background-media":"","overlay-type":"","overlay-color":"","overlay-opacity":"","overlay-gradient":""},"tablet":{"background-color":"","background-image":"","background-repeat":"repeat","background-position":"center center","background-size":"auto","background-attachment":"scroll","background-type":"","background-media":"","overlay-type":"","overlay-color":"","overlay-opacity":"","overlay-gradient":""},"mobile":{"background-color":"","background-image":"","background-repeat":"repeat","background-position":"center center","background-size":"auto","background-attachment":"scroll","background-type":"","background-media":"","overlay-type":"","overlay-color":"","overlay-opacity":"","overlay-gradient":""}},"ast-content-background-meta":{"desktop":{"background-color":"var(--ast-global-color-4)","background-image":"","background-repeat":"repeat","background-position":"center center","background-size":"auto","background-attachment":"scroll","background-type":"","background-media":"","overlay-type":"","overlay-color":"","overlay-opacity":"","overlay-gradient":""},"tablet":{"background-color":"var(--ast-global-color-4)","background-image":"","background-repeat":"repeat","background-position":"center center","background-size":"auto","background-attachment":"scroll","background-type":"","background-media":"","overlay-type":"","overlay-color":"","overlay-opacity":"","overlay-gradient":""},"mobile":{"background-color":"var(--ast-global-color-4)","background-image":"","background-repeat":"repeat","background-position":"center center","background-size":"auto","background-attachment":"scroll","background-type":"","background-media":"","overlay-type":"","overlay-color":"","overlay-opacity":"","overlay-gradient":""}},"footnotes":""},"categories":[4,3],"tags":[],"class_list":["post-58","post","type-post","status-publish","format-standard","has-post-thumbnail","hentry","category-evenements","category-realisations"],"_links":{"self":[{"href":"https:\/\/afejuco.org\/office\/wp-json\/wp\/v2\/posts\/58","targetHints":{"allow":["GET"]}}],"collection":[{"href":"https:\/\/afejuco.org\/office\/wp-json\/wp\/v2\/posts"}],"about":[{"href":"https:\/\/afejuco.org\/office\/wp-json\/wp\/v2\/types\/post"}],"author":[{"embeddable":true,"href":"https:\/\/afejuco.org\/office\/wp-json\/wp\/v2\/users\/1"}],"replies":[{"embeddable":true,"href":"https:\/\/afejuco.org\/office\/wp-json\/wp\/v2\/comments?post=58"}],"version-history":[{"count":1,"href":"https:\/\/afejuco.org\/office\/wp-json\/wp\/v2\/posts\/58\/revisions"}],"predecessor-version":[{"id":60,"href":"https:\/\/afejuco.org\/office\/wp-json\/wp\/v2\/posts\/58\/revisions\/60"}],"wp:featuredmedia":[{"embeddable":true,"href":"https:\/\/afejuco.org\/office\/wp-json\/wp\/v2\/media\/59"}],"wp:attachment":[{"href":"https:\/\/afejuco.org\/office\/wp-json\/wp\/v2\/media?parent=58"}],"wp:term":[{"taxonomy":"category","embeddable":true,"href":"https:\/\/afejuco.org\/office\/wp-json\/wp\/v2\/categories?post=58"},{"taxonomy":"post_tag","embeddable":true,"href":"https:\/\/afejuco.org\/office\/wp-json\/wp\/v2\/tags?post=58"}],"curies":[{"name":"wp","href":"https:\/\/api.w.org\/{rel}","templated":true}]}}