{"id":28,"date":"2026-01-07T18:26:24","date_gmt":"2026-01-07T18:26:24","guid":{"rendered":"https:\/\/afejuco.org\/office\/?p=28"},"modified":"2026-01-07T18:26:25","modified_gmt":"2026-01-07T18:26:25","slug":"sud-kivu-47-femmes-victimes-de-violences-en-deux-mois-afejuco-tire-la-sonnette-dalarme","status":"publish","type":"post","link":"https:\/\/afejuco.org\/office\/sud-kivu-47-femmes-victimes-de-violences-en-deux-mois-afejuco-tire-la-sonnette-dalarme\/","title":{"rendered":"Sud-Kivu: 47 femmes victimes de violences en deux mois, AFEJUCO tire la sonnette d&rsquo;alarme"},"content":{"rendered":"\n<p>Quarante-sept. C&rsquo;est le nombre gla\u00e7ant de cas de violences recens\u00e9s en janvier et f\u00e9vrier?2025 par l&rsquo;Association des Femmes Juristes Congolaises (AFEJUCO) dans le territoire de Kabare et la ville de Bukavu. Publi\u00e9 dans le cadre de son projet d&rsquo;\u00ab?Accompagnement juridique et judiciaire des femmes victimes de violences sexuelles et bas\u00e9es sur le genre?\u00bb financer par KvinnaTill Kvinna.<\/p>\n\n\n\n<p>&nbsp;Ce nouveau rapport r\u00e9v\u00e8le l&rsquo;ampleur persistante des atteintes aux droits des femmes dans une province d\u00e9j\u00e0 meurtrie par les conflits.<\/p>\n\n\n\n<p>Une majorit\u00e9 de violences bas\u00e9es sur le genre<\/p>\n\n\n\n<p>Sur les 47 incidents document\u00e9s, 45 rel\u00e8vent des violences bas\u00e9es sur le genre (VBG) \u0097 violences \u00e9conomiques, psychologiques, privations d&rsquo;h\u00e9ritage, abandons de famille \u0097 tandis que deux cas de viol ont \u00e9t\u00e9 signal\u00e9s \u00e0 Kavumu\/Bugorhe. AFEJUCO d\u00e9taille la carte des violences?de la mani\u00e8re suivante :<\/p>\n\n\n\n<p>8 cas dans le groupement de Mumosho, dont : 4 cas de violence \u00e9conomique, 2 cas de conflit foncier, 1 cas de privation \u00e0 l&rsquo;h\u00e9ritage et 1 cas de violence psychologique.<\/p>\n\n\n\n<p>&nbsp;11 cas dans le groupement de Cirunga, entre autre : 6 cas de violence psychologique et 3 cas de violence \u00e9conomique 1 cas de d\u00e9laissement d&rsquo;enfant et 1 cas de conflit foncier.<\/p>\n\n\n\n<p>8 cas dans le groupement d&rsquo;Irambi\/ Katana, dont : 2 cas de violences \u00e9conomiques, 1 cas de Violence physique, 1 cas abandon de famille, 1 cas de d\u00e9laissement d&rsquo;enfant, 2 cas de privation \u00e0 l&rsquo;h\u00e9ritage et 1 cas de violence psychologique<\/p>\n\n\n\n<p>8 cas dans le groupement de Kavumu \/Bugorhe dont : 2 cas de viol, 1 cas de d\u00e9laissement d&rsquo;enfant, 3 cas de violence \u00e9conomique, 1 cas de violence psychologique et 1 cas de violence physique<\/p>\n\n\n\n<p>4 cas dans le groupement de Miti dont : 3 cas de violences \u00e9conomiques et 1 cas de privation de l&rsquo;h\u00e9ritage<\/p>\n\n\n\n<p>8 cas dans la ville de Bukavu, dont : 4 cas des violences \u00e9conomiques, 2 cas de d\u00e9laissement d&rsquo;enfant et 2 cas de violence physique.<\/p>\n\n\n\n<p>Des m\u00e9diations qui portent leurs fruits<\/p>\n\n\n\n<p>Face \u00e0 la lenteur des proc\u00e9dures et au co\u00fbt des poursuites, l&rsquo;organisation appuie aussi des m\u00e9diations communautaires?: cinq s\u00e9ances ont \u00e9t\u00e9 conduites, aboutissant \u00e0 quatre accords \u00e0 l&rsquo;amiable. Les litiges portaient essentiellement sur des conflits fonciers ou des successions, fl\u00e9au qui alimente les violences \u00e9conomiques et psychologiques \u00e0 l&rsquo;encontre des femmes.<\/p>\n\n\n\n<p>Appel \u00e0 une mobilisation accrue<\/p>\n\n\n\n<p>\u00abLes survivantes sont reconnaissantes pour l&rsquo;assistance re\u00e7ue, mais la route est encore longue?\u00bb, souligne le staff d&rsquo;AFEJUCO, qui exhorte les autorit\u00e9s provinciales \u00e0 appliquer les lois nationales r\u00e9primant les VBG et \u00e0 \u00ab?multiplier les campagnes de sensibilisation?\u00bb. L&rsquo;association appelle \u00e9galement ses partenaires techniques et financiers, notamment Kvinna Till Kvinna, \u00e0 renforcer leur soutien pour garantir l&rsquo;acc\u00e8s des victimes \u00e0 la justice.<\/p>\n\n\n\n<p>Un signal d&rsquo;alarme pour la soci\u00e9t\u00e9<\/p>\n\n\n\n<p>Dans un contexte o\u00f9 les violences demeurent un obstacle majeur \u00e0 l&rsquo;\u00e9galit\u00e9, ce chiffre de 47 cas en soixante jours sonne comme un rappel?: sans r\u00e9ponses coordonn\u00e9es \u0097 juridiques, sociales et \u00e9conomiques \u0097 les droits des femmes continueront d&rsquo;\u00eatre bafou\u00e9s. AFEJUCO conclut son rapport en invitant la communaut\u00e9 locale, les leaders coutumiers et les hommes eux?m\u00eames \u00e0 \u00abaccompagner les femmes dans la construction d&rsquo;une soci\u00e9t\u00e9 juste, o\u00f9 chacun jouit de ses droits sans discrimination?\u00bb.<\/p>\n","protected":false},"excerpt":{"rendered":"<p>Quarante-sept. C&rsquo;est le nombre gla&ccedil;ant de cas de violences recens&eacute;s en janvier et f&eacute;vrier?2025 par l&rsquo;Association des Femmes Juristes Congolaises [&hellip;]<\/p>\n","protected":false},"author":1,"featured_media":29,"comment_status":"open","ping_status":"open","sticky":false,"template":"","format":"standard","meta":{"site-sidebar-layout":"default","site-content-layout":"","ast-site-content-layout":"default","site-content-style":"default","site-sidebar-style":"default","ast-global-header-display":"","ast-banner-title-visibility":"","ast-main-header-display":"","ast-hfb-above-header-display":"","ast-hfb-below-header-display":"","ast-hfb-mobile-header-display":"","site-post-title":"","ast-breadcrumbs-content":"","ast-featured-img":"","footer-sml-layout":"","ast-disable-related-posts":"","theme-transparent-header-meta":"","adv-header-id-meta":"","stick-header-meta":"","header-above-stick-meta":"","header-main-stick-meta":"","header-below-stick-meta":"","astra-migrate-meta-layouts":"default","ast-page-background-enabled":"default","ast-page-background-meta":{"desktop":{"background-color":"var(--ast-global-color-5)","background-image":"","background-repeat":"repeat","background-position":"center center","background-size":"auto","background-attachment":"scroll","background-type":"","background-media":"","overlay-type":"","overlay-color":"","overlay-opacity":"","overlay-gradient":""},"tablet":{"background-color":"","background-image":"","background-repeat":"repeat","background-position":"center center","background-size":"auto","background-attachment":"scroll","background-type":"","background-media":"","overlay-type":"","overlay-color":"","overlay-opacity":"","overlay-gradient":""},"mobile":{"background-color":"","background-image":"","background-repeat":"repeat","background-position":"center center","background-size":"auto","background-attachment":"scroll","background-type":"","background-media":"","overlay-type":"","overlay-color":"","overlay-opacity":"","overlay-gradient":""}},"ast-content-background-meta":{"desktop":{"background-color":"var(--ast-global-color-4)","background-image":"","background-repeat":"repeat","background-position":"center center","background-size":"auto","background-attachment":"scroll","background-type":"","background-media":"","overlay-type":"","overlay-color":"","overlay-opacity":"","overlay-gradient":""},"tablet":{"background-color":"var(--ast-global-color-4)","background-image":"","background-repeat":"repeat","background-position":"center center","background-size":"auto","background-attachment":"scroll","background-type":"","background-media":"","overlay-type":"","overlay-color":"","overlay-opacity":"","overlay-gradient":""},"mobile":{"background-color":"var(--ast-global-color-4)","background-image":"","background-repeat":"repeat","background-position":"center center","background-size":"auto","background-attachment":"scroll","background-type":"","background-media":"","overlay-type":"","overlay-color":"","overlay-opacity":"","overlay-gradient":""}},"footnotes":""},"categories":[4,3],"tags":[],"class_list":["post-28","post","type-post","status-publish","format-standard","has-post-thumbnail","hentry","category-evenements","category-realisations"],"_links":{"self":[{"href":"https:\/\/afejuco.org\/office\/wp-json\/wp\/v2\/posts\/28","targetHints":{"allow":["GET"]}}],"collection":[{"href":"https:\/\/afejuco.org\/office\/wp-json\/wp\/v2\/posts"}],"about":[{"href":"https:\/\/afejuco.org\/office\/wp-json\/wp\/v2\/types\/post"}],"author":[{"embeddable":true,"href":"https:\/\/afejuco.org\/office\/wp-json\/wp\/v2\/users\/1"}],"replies":[{"embeddable":true,"href":"https:\/\/afejuco.org\/office\/wp-json\/wp\/v2\/comments?post=28"}],"version-history":[{"count":1,"href":"https:\/\/afejuco.org\/office\/wp-json\/wp\/v2\/posts\/28\/revisions"}],"predecessor-version":[{"id":30,"href":"https:\/\/afejuco.org\/office\/wp-json\/wp\/v2\/posts\/28\/revisions\/30"}],"wp:featuredmedia":[{"embeddable":true,"href":"https:\/\/afejuco.org\/office\/wp-json\/wp\/v2\/media\/29"}],"wp:attachment":[{"href":"https:\/\/afejuco.org\/office\/wp-json\/wp\/v2\/media?parent=28"}],"wp:term":[{"taxonomy":"category","embeddable":true,"href":"https:\/\/afejuco.org\/office\/wp-json\/wp\/v2\/categories?post=28"},{"taxonomy":"post_tag","embeddable":true,"href":"https:\/\/afejuco.org\/office\/wp-json\/wp\/v2\/tags?post=28"}],"curies":[{"name":"wp","href":"https:\/\/api.w.org\/{rel}","templated":true}]}}