{"id":25,"date":"2026-01-07T18:21:36","date_gmt":"2026-01-07T18:21:36","guid":{"rendered":"https:\/\/afejuco.org\/office\/?p=25"},"modified":"2026-01-07T18:21:37","modified_gmt":"2026-01-07T18:21:37","slug":"sud-kivu-afejuco-sengage-a-integrer-les-principes-du-leadership-feministe-dans-ses-actions","status":"publish","type":"post","link":"https:\/\/afejuco.org\/office\/sud-kivu-afejuco-sengage-a-integrer-les-principes-du-leadership-feministe-dans-ses-actions\/","title":{"rendered":"SUD-KIVU : AFEJUCO s&rsquo;engage \u00e0 int\u00e9grer les principes du leadership f\u00e9ministe dans ses actions"},"content":{"rendered":"\n<p>L&rsquo;Association des Femmes Juristes Congolaises (AFEJUCO), aux c\u00f4t\u00e9s d&rsquo;autres organisations f\u00e9minines et f\u00e9ministes de Bukavu, a b\u00e9n\u00e9fici\u00e9 d&rsquo;un renforcement de capacit\u00e9 sur le leadership f\u00e9ministe et le plaidoyer, organis\u00e9 par l&rsquo;organisation internationale Kvinna Till Kvinna du 27 au 29 mai 2025.<\/p>\n\n\n\n<p>Pendant trois jours, les responsables de plusieurs organisations partenaires de Kvinna Till Kvinna ont \u00e9t\u00e9 outill\u00e9es sur les valeurs fondamentales du leadership f\u00e9ministe, la proactivit\u00e9, la communication inclusive et les techniques efficaces de plaidoyer. Ces modules ont \u00e9t\u00e9 anim\u00e9s par des formatrices exp\u00e9riment\u00e9es dont Clarisse Abedi, Nathalie Ndimubanzi et Eveline Ndiponju, respectivement experte en leadership f\u00e9ministe, charg\u00e9e de programme et directrice pays de Kvinna Till Kvinna.<\/p>\n\n\n\n<p>Clarisse Abedi a notamment clarifi\u00e9 la diff\u00e9rence entre leadership f\u00e9minin et leadership f\u00e9ministe, insistant sur le fait que ce dernier repose sur une id\u00e9ologie de justice sociale, visant l&rsquo;\u00e9galit\u00e9 des droits et des chances entre hommes et femmes. Elle a invit\u00e9 les participantes \u00e0 rejeter les mod\u00e8les patriarcaux et \u00e0 promouvoir un leadership fond\u00e9 sur l&rsquo;inclusion, la collaboration, l&#8217;empathie, le soin de soi et des autres.<\/p>\n\n\n\n<p>Abordant la th\u00e9matique du plaidoyer, Nathalie Ndimubanzi a d\u00e9taill\u00e9 les \u00e9tapes cl\u00e9s pour une d\u00e9marche efficace : identification du probl\u00e8me, collecte des donn\u00e9es et t\u00e9moignages, d\u00e9finition des objectifs, choix des cibles et des strat\u00e9gies, \u00e9laboration du plan d&rsquo;action, mise en \u009cuvre avec des coalitions, suivi, \u00e9valuation et adaptation. Elle a soulign\u00e9 qu&rsquo;un plaidoyer port\u00e9 par un r\u00e9seau ou une coalition f\u00e9ministe a plus de chances d&rsquo;aboutir \u00e0 des changements structurels.<\/p>\n\n\n\n<p>De son c\u00f4t\u00e9, Eveline Ndiponju a tenu \u00e0 d\u00e9construire les id\u00e9es re\u00e7ues sur le f\u00e9minisme, rappelant qu&rsquo;il ne s&rsquo;agit pas d&rsquo;un combat des femmes contre les hommes, mais d&rsquo;un mouvement visant \u00e0 satisfaire les besoins de toutes les cat\u00e9gories de la population, femmes, hommes, jeunes, enfants et personnes \u00e2g\u00e9es.<\/p>\n\n\n\n<p>Parmi les participantes, l&rsquo;Association des Femmes Juristes Congolaises (AFEJUCO) s&rsquo;est particuli\u00e8rement distingu\u00e9e par son engagement \u00e0 int\u00e9grer les acquis de cette formation dans ses actions futures. Repr\u00e9sent\u00e9e \u00e0 la session, l&rsquo;organisation a salu\u00e9 la richesse des \u00e9changes et des enseignements re\u00e7us.<\/p>\n\n\n\n<p>&gt; \u00ab Nous sortons de cette formation avec des outils concrets qui vont renforcer notre fa\u00e7on de travailler sur le terrain. AFEJUCO s&rsquo;engage \u00e0 mettre en pratique les principes du leadership f\u00e9ministe non seulement dans la gestion interne de ses projets, mais \u00e9galement dans l&rsquo;accompagnement juridique et social qu&rsquo;elle offre aux femmes et filles dans nos communaut\u00e9s \u00bb, a d\u00e9clar\u00e9 Anna Ketu , charg\u00e9e des Programmes chez Afejuco .<\/p>\n\n\n\n<p>AFEJUCO pr\u00e9voit ainsi d&rsquo;adapter ses strat\u00e9gies d&rsquo;intervention et ses activit\u00e9s de plaidoyer pour y int\u00e9grer une approche r\u00e9solument f\u00e9ministe, plus inclusive et transformative.<\/p>\n\n\n\n<p>La formation a r\u00e9uni plusieurs organisations locales telles que La PrunelleRDC ASBL, Mwanamke Kesho, G\u00e9n\u00e9ration \u00c9panouie, SOFEDI, l&rsquo;Association des Femmes de M\u00e9dias (AfEM), entre autres.&nbsp;<\/p>\n\n\n\n<p>ces trois jours ont repr\u00e9sent\u00e9 une occasion inestimable de d\u00e9veloppement personnel et professionnel.<\/p>\n\n\n\n<p>Cette initiative de Kvinna Till Kvinna s inscrit dans un effort continu de renforcement des capacit\u00e9s des actrices locales, afin de consolider le mouvement f\u00e9ministe en RDC et d&rsquo;amplifier les voix des femmes dans les sph\u00e8res de d\u00e9cision et de changement.<\/p>\n","protected":false},"excerpt":{"rendered":"<p>L&rsquo;Association des Femmes Juristes Congolaises (AFEJUCO), aux c&ocirc;t&eacute;s d&rsquo;autres organisations f&eacute;minines et f&eacute;ministes de Bukavu, a b&eacute;n&eacute;fici&eacute; d&rsquo;un renforcement de [&hellip;]<\/p>\n","protected":false},"author":1,"featured_media":26,"comment_status":"open","ping_status":"open","sticky":false,"template":"","format":"standard","meta":{"site-sidebar-layout":"default","site-content-layout":"","ast-site-content-layout":"default","site-content-style":"default","site-sidebar-style":"default","ast-global-header-display":"","ast-banner-title-visibility":"","ast-main-header-display":"","ast-hfb-above-header-display":"","ast-hfb-below-header-display":"","ast-hfb-mobile-header-display":"","site-post-title":"","ast-breadcrumbs-content":"","ast-featured-img":"","footer-sml-layout":"","ast-disable-related-posts":"","theme-transparent-header-meta":"","adv-header-id-meta":"","stick-header-meta":"","header-above-stick-meta":"","header-main-stick-meta":"","header-below-stick-meta":"","astra-migrate-meta-layouts":"default","ast-page-background-enabled":"default","ast-page-background-meta":{"desktop":{"background-color":"var(--ast-global-color-5)","background-image":"","background-repeat":"repeat","background-position":"center center","background-size":"auto","background-attachment":"scroll","background-type":"","background-media":"","overlay-type":"","overlay-color":"","overlay-opacity":"","overlay-gradient":""},"tablet":{"background-color":"","background-image":"","background-repeat":"repeat","background-position":"center center","background-size":"auto","background-attachment":"scroll","background-type":"","background-media":"","overlay-type":"","overlay-color":"","overlay-opacity":"","overlay-gradient":""},"mobile":{"background-color":"","background-image":"","background-repeat":"repeat","background-position":"center center","background-size":"auto","background-attachment":"scroll","background-type":"","background-media":"","overlay-type":"","overlay-color":"","overlay-opacity":"","overlay-gradient":""}},"ast-content-background-meta":{"desktop":{"background-color":"var(--ast-global-color-4)","background-image":"","background-repeat":"repeat","background-position":"center center","background-size":"auto","background-attachment":"scroll","background-type":"","background-media":"","overlay-type":"","overlay-color":"","overlay-opacity":"","overlay-gradient":""},"tablet":{"background-color":"var(--ast-global-color-4)","background-image":"","background-repeat":"repeat","background-position":"center center","background-size":"auto","background-attachment":"scroll","background-type":"","background-media":"","overlay-type":"","overlay-color":"","overlay-opacity":"","overlay-gradient":""},"mobile":{"background-color":"var(--ast-global-color-4)","background-image":"","background-repeat":"repeat","background-position":"center center","background-size":"auto","background-attachment":"scroll","background-type":"","background-media":"","overlay-type":"","overlay-color":"","overlay-opacity":"","overlay-gradient":""}},"footnotes":""},"categories":[4,3],"tags":[],"class_list":["post-25","post","type-post","status-publish","format-standard","has-post-thumbnail","hentry","category-evenements","category-realisations"],"_links":{"self":[{"href":"https:\/\/afejuco.org\/office\/wp-json\/wp\/v2\/posts\/25","targetHints":{"allow":["GET"]}}],"collection":[{"href":"https:\/\/afejuco.org\/office\/wp-json\/wp\/v2\/posts"}],"about":[{"href":"https:\/\/afejuco.org\/office\/wp-json\/wp\/v2\/types\/post"}],"author":[{"embeddable":true,"href":"https:\/\/afejuco.org\/office\/wp-json\/wp\/v2\/users\/1"}],"replies":[{"embeddable":true,"href":"https:\/\/afejuco.org\/office\/wp-json\/wp\/v2\/comments?post=25"}],"version-history":[{"count":1,"href":"https:\/\/afejuco.org\/office\/wp-json\/wp\/v2\/posts\/25\/revisions"}],"predecessor-version":[{"id":27,"href":"https:\/\/afejuco.org\/office\/wp-json\/wp\/v2\/posts\/25\/revisions\/27"}],"wp:featuredmedia":[{"embeddable":true,"href":"https:\/\/afejuco.org\/office\/wp-json\/wp\/v2\/media\/26"}],"wp:attachment":[{"href":"https:\/\/afejuco.org\/office\/wp-json\/wp\/v2\/media?parent=25"}],"wp:term":[{"taxonomy":"category","embeddable":true,"href":"https:\/\/afejuco.org\/office\/wp-json\/wp\/v2\/categories?post=25"},{"taxonomy":"post_tag","embeddable":true,"href":"https:\/\/afejuco.org\/office\/wp-json\/wp\/v2\/tags?post=25"}],"curies":[{"name":"wp","href":"https:\/\/api.w.org\/{rel}","templated":true}]}}